[{"@context":"https:\/\/schema.org\/","@type":"Article","@id":"https:\/\/www.soil.cz\/dekorace-do-maleho-bytu\/#Article","mainEntityOfPage":"https:\/\/www.soil.cz\/dekorace-do-maleho-bytu\/","headline":"Dekorace do mal\u00e9ho bytu","name":"Dekorace do mal\u00e9ho bytu","description":"M\u00edt jednou vlastn\u00ed byt si p\u0159eje u\u017e od puberty ka\u017ed\u00fd mlad\u00fd \u010dlov\u011bk, kter\u00fd bydl\u00ed u rodi\u010d\u016f. A kdy\u017e se u\u017e s odstupem \u010dasu k tomu dopracuje, je d\u016fle\u017eit\u00fd nejen v\u00fdb\u011br...","datePublished":"2017-06-30","dateModified":"2023-05-05","author":{"@type":"Person","@id":"https:\/\/www.soil.cz\/author\/#Person","name":"","url":"https:\/\/www.soil.cz\/author\/","identifier":1,"image":{"@type":"ImageObject","@id":"https:\/\/secure.gravatar.com\/avatar\/cbcb92d2d459f60d1dc08d6e5973c6b0ed1017e8a3b51da0599e03841cfa81e6?s=96&d=mm&r=g","url":"https:\/\/secure.gravatar.com\/avatar\/cbcb92d2d459f60d1dc08d6e5973c6b0ed1017e8a3b51da0599e03841cfa81e6?s=96&d=mm&r=g","height":96,"width":96}},"publisher":{"@type":"Organization","name":"soil.cz","logo":{"@type":"ImageObject","@id":"\/logo.png","url":"\/logo.png","width":600,"height":60}},"image":{"@type":"ImageObject","@id":"https:\/\/soil.cz\/wp-content\/uploads\/img_a319396_w2529_t1530388172.jpg","url":"https:\/\/soil.cz\/wp-content\/uploads\/img_a319396_w2529_t1530388172.jpg","height":"","width":""},"url":"https:\/\/www.soil.cz\/dekorace-do-maleho-bytu\/","about":["Neza\u0159azen\u00e9"],"wordCount":487,"articleBody":"M\u00edt jednou vlastn\u00ed byt si p\u0159eje u\u017e od puberty ka\u017ed\u00fd mlad\u00fd \u010dlov\u011bk, kter\u00fd bydl\u00ed u rodi\u010d\u016f. A kdy\u017e se u\u017e s odstupem \u010dasu k tomu dopracuje, je d\u016fle\u017eit\u00fd nejen v\u00fdb\u011br samotn\u00e9ho bydlen\u00ed, ale i jeho \u00fatuln\u00fd prostor. Pokud va\u0161e volba padla na (pro za\u010d\u00e1tek) mal\u00fd byt, v\u011b\u0159te, \u017ee i s n\u00edm jde ud\u011blat velk\u00e9 pl\u00e1ny.\tDekorace d\u011blaj\u00ed celekMimo toho, \u017ee v\u00e1m d\u00e1 zcela ur\u010dit\u011b velkou pr\u00e1ci po\u0159\u00eddit si vybaven\u00ed, kter\u00e9 by odpov\u00eddalo va\u0161im p\u0159edstav\u00e1m, ned\u00edlnou sou\u010d\u00e1st\u00ed bydlen\u00ed jsou i jeho dopl\u0148ky. Prostory mal\u00e9ho bytu jsou pom\u011brn\u011b omezen\u00e9 a nesm\u00edte zapom\u00ednat, \u017ee v\u0161eho moc \u0161kod\u00ed. Pokud si ka\u017ed\u00fd voln\u00fd prostor zaskl\u00e1d\u00e1te n\u011bjak\u00fdm dopl\u0148kem, kter\u00fd m\u00e1 slou\u017eit jen na par\u00e1du, v\u00e1\u0161 byt bude p\u016fsobit chaoticky a neuklizen\u00fd.Jak ho tedy z\u00fatulnit tak, aby byl vkusn\u00fd a harmonick\u00fd?\u00b7\u00a0\u00a0\u00a0\u00a0\u00a0\u00a0\u00a0 Fotografie nic nezkaz\u00ed!Pr\u00e1v\u011b naopak, fotografie, kter\u00e9 jsou na zdi nebo na polici v r\u00e1me\u010dku, jsou dobrou volbou pro jak\u00fdkoliv byt. Ud\u011blaj\u00ed z va\u0161eho bytu domov, a po tom ur\u010dit\u011b tou\u017e\u00edte.\u00b7\u00a0\u00a0\u00a0\u00a0\u00a0\u00a0\u00a0 Se z\u00e1v\u011bsn\u00fdmi dekoracemi opatrn\u011b!Pokud v\u00e1s l\u00e1k\u00e1 pov\u011bsit si doma n\u011bjak\u00e9 t\u00e9matick\u00e9 d\u0159ev\u011bn\u00e9 nebo jak\u00e9koliv jin\u00e9 dopl\u0148ky, ud\u011blejte to s rozumem. Do ka\u017ed\u00e9 m\u00edstnosti si dejte maxim\u00e1ln\u011b jeden v\u011bt\u0161\u00ed p\u0159edm\u011bt, kter\u00fd bude p\u016fsobit smyslupln\u011b a elegantn\u011b.\u00b7\u00a0\u00a0\u00a0\u00a0\u00a0\u00a0\u00a0 Kytky domov nejen ozdob\u00ed, ale i provzdu\u0161n\u00ed.M\u011bjte ov\u0161em na pam\u011bti, \u017ee je pot\u0159eba se o n\u011b starat. Jestli jste se u\u017e rozhodli pro n\u011bjak\u00fd druh rostliny nebo kv\u011btiny, vyberte takovou, kter\u00e1 je nen\u00e1ro\u010dn\u00e1 na jej\u00ed starostlivost. A tak\u00e9 nesm\u00edte zapom\u00ednat na to, \u017ee \u010dasem m\u016f\u017ee nabrat va\u0161e rostlina v\u011bt\u0161\u00edch rozm\u011br\u016f a zabrat v\u00e1m doma zbyte\u010dn\u011b moc m\u00edsta.\u00b7\u00a0\u00a0\u00a0\u00a0\u00a0\u00a0 So\u0161ky a p\u0159edm\u011bty, kter\u00e9 pat\u0159\u00ed na poli\u010dku p\u0159\u00edli\u0161 nesb\u00edrejte.P\u016fsob\u00ed toti\u017e jako kli\u0161\u00e9 a jsou to odjak\u017eiva jen lapa\u010de prachu, kter\u00e9 k ni\u010demu \u00fa\u010deln\u00e9mu neslou\u017e\u00ed. P\u00e1r (pro v\u00e1s cenn\u00fdch) si vystavit samoz\u0159ejm\u011b m\u016f\u017eete, ale ned\u011blejte z toho tradici.\u010cemu se rad\u011bji vyhn\u011bte obloukem?1.\u00a0\u00a0\u00a0\u00a0 Um\u011bl\u00e9 kv\u011btiny\u2013 dnes u\u017e opravdu nejsou vybran\u00fdm dodatkem pro \u017e\u00e1dn\u00fd domov.2.\u00a0\u00a0\u00a0\u00a0 Plak\u00e1ty\u2013 p\u0159ece u\u017e nepat\u0159\u00edte mezi \u201en\u00e1ctilet\u00e9\u201c, abyste je m\u011bli doma na zdi jako za mlada.3.\u00a0\u00a0\u00a0\u00a0 Sb\u011bratelsk\u00e9 p\u0159edm\u011bty\u2013 jestli jste nesmrteln\u00fd sb\u011bratel v\u0161eho, co lze n\u011bkdy je\u0161t\u011b pou\u017e\u00edt, v\u011b\u0159te tomu, \u017ee se to ve va\u0161em byt\u011b bude v\u00e1let i dal\u0161\u00ed roky bez pov\u0161imnut\u00ed, a tak co nepou\u017e\u00edv\u00e1te \u2013 ur\u010dit\u011b vyho\u010fte!                                                                                                                                                                                                                                                                                                                                                                                        3.4\/5 - (7 votes)        "},{"@context":"https:\/\/schema.org\/","@type":"BreadcrumbList","itemListElement":[{"@type":"ListItem","position":1,"name":"Dekorace do mal\u00e9ho bytu","item":"https:\/\/www.soil.cz\/dekorace-do-maleho-bytu\/#breadcrumbitem"}]}]