[{"@context":"https:\/\/schema.org\/","@type":"Article","@id":"https:\/\/www.soil.cz\/me-nazory-ohledne-voleb-na-prezidenta\/#Article","mainEntityOfPage":"https:\/\/www.soil.cz\/me-nazory-ohledne-voleb-na-prezidenta\/","headline":"M\u00e9 n\u00e1zory ohledn\u011b voleb na prezidenta","name":"M\u00e9 n\u00e1zory ohledn\u011b voleb na prezidenta","description":"Dnes bych se v tomto \u010dl\u00e1nku cht\u011bla zab\u00fdvat t\u00edm, co se aktu\u00e1ln\u011b ve sv\u011bt\u011b d\u011bje, proto\u017ee to se na\u0161\u00ed spole\u010dnosti tak\u00e9 velice dot\u00fdk\u00e1. Tak n\u011bjak vnit\u0159n\u011b c\u00edt\u00edm, \u017ee jsme rozd\u011bleni...","datePublished":"2022-03-30","dateModified":"2023-05-05","author":{"@type":"Person","@id":"https:\/\/www.soil.cz\/author\/#Person","name":"","url":"https:\/\/www.soil.cz\/author\/","identifier":1,"image":{"@type":"ImageObject","@id":"https:\/\/secure.gravatar.com\/avatar\/cbcb92d2d459f60d1dc08d6e5973c6b0ed1017e8a3b51da0599e03841cfa81e6?s=96&d=mm&r=g","url":"https:\/\/secure.gravatar.com\/avatar\/cbcb92d2d459f60d1dc08d6e5973c6b0ed1017e8a3b51da0599e03841cfa81e6?s=96&d=mm&r=g","height":96,"width":96}},"publisher":{"@type":"Organization","name":"soil.cz","logo":{"@type":"ImageObject","@id":"\/logo.png","url":"\/logo.png","width":600,"height":60}},"image":{"@type":"ImageObject","@id":"https:\/\/www.soil.cz\/wp-content\/uploads\/czech-republic-990327_960_720.png","url":"https:\/\/www.soil.cz\/wp-content\/uploads\/czech-republic-990327_960_720.png","height":0,"width":0},"url":"https:\/\/www.soil.cz\/me-nazory-ohledne-voleb-na-prezidenta\/","about":["Spole\u010dnost"],"wordCount":426,"articleBody":"Dnes bych se v tomto \u010dl\u00e1nku cht\u011bla zab\u00fdvat t\u00edm, co se aktu\u00e1ln\u011b ve sv\u011bt\u011b d\u011bje, proto\u017ee to se na\u0161\u00ed spole\u010dnosti tak\u00e9 velice dot\u00fdk\u00e1. Tak n\u011bjak vnit\u0159n\u011b c\u00edt\u00edm, \u017ee jsme rozd\u011bleni na dva t\u00e1bory. Na lidi, kte\u0159\u00ed tak n\u011bjak ch\u00e1pou, co se nyn\u00ed d\u011bje, sleduj\u00ed zpr\u00e1vy a ch\u00e1pou, \u017ee je situace velice v\u00e1\u017en\u00e1. A proto cht\u011bj\u00ed j\u00edt k volb\u00e1m a volit n\u011bkoho, kdo n\u00e1\u0161 st\u00e1t vojensky zabezpe\u010d\u00ed. A proto cht\u011bj\u00ed zvolit gener\u00e1la, kter\u00fd by mohl pomoci. Nejde ale jen o v\u00e1lku, kter\u00e1 by mohla hrozit n\u00e1m, ale ostatn\u00edm st\u00e1t\u016fm, zejm\u00e9na by mohl pomoci lidem na Ukrajin\u011b. Druh\u00fd t\u00e1bor lid\u00ed ale v\u011b\u0159\u00ed prorusk\u00fdm l\u017e\u00edm a tomu, \u017ee v\u00e1lka za\u010dala vyprovokov\u00e1n\u00edm Ruska, nebo dokonce \u017ee na Rusko za\u00fato\u010dila Ukrajina.T\u011bchto l\u017eiv\u00fdch prorusk\u00fdch zpr\u00e1v je pln\u00fd internet. Samoz\u0159ejm\u011b lid\u00e9, kte\u0159\u00ed t\u00edhnou ke komunismu se budou Ruska zast\u00e1vat do konce sv\u00e9ho \u017eivota. A Babi\u0161? Nev\u011b\u0159\u00edm tomu, \u017ee by Ukrajin\u011b n\u011bjak pomohl. Nyn\u00ed jeho kampa\u0148 manipuluje lidmi, jen proto, aby ho volili, j\u00e1 osobn\u011b mu nev\u011b\u0159\u00edm ani nos mezi o\u010dima. Asi ano, mysl\u00edm si \u017ee vl\u00e1da by mohla ud\u011blat v\u00edc pro to, aby lid\u00e9 dost\u00e1valy alespo\u0148 n\u011bjak\u00e9 p\u0159\u00edsp\u011bvky na plyn a energie, ale st\u00e1le je to pro m\u011b p\u0159ijateln\u011bj\u0161\u00ed ne\u017e vl\u00e1da ODS nebo vl\u00e1da Babi\u0161ova. A\u010dkoli m\u00e1 pan gener\u00e1l Petr Pavel svoji minulost, v\u011b\u0159\u00edm mu u\u017e jen pro to, \u017ee velice podporuje NATO a chce v n\u011bm z\u016fstat a v\u011b\u0159\u00edm i tomu, \u017ee jak\u00fdmkoli zp\u016fsobem podpo\u0159\u00ed Ukrajinu, a hlavn\u011b v \u017e\u00e1dn\u00e9m p\u0159\u00edpad\u011b nikdy nepodpo\u0159\u00ed Rusko!! A ne jako pan Okamura, kter\u00fd z n\u011bho chce vystupovat. Hrozn\u011b moc douf\u00e1m \u017ee Babi\u0161ovi se nepoda\u0159\u00ed lidi zmanipulovat a \u017ee zvol\u00ed pana Petra Pavla a kone\u010dn\u011b tu bude vl\u00e1dnout demokracie a bude v n\u00ed po dlouh\u00e9 dob\u011b, kdy naposledy kloudn\u00fdm prezidentem byl pan Havel n\u011bkdo, kdo ji podpo\u0159\u00ed. Pan Havel toho proti komunismu ud\u011blal tolik, tak p\u0159ece si je sem nebudeme znovu p\u0159ivol\u00e1vat. Podpo\u0159me demokracii, svobodu a rovnost! B\u011b\u017ete k volb\u00e1m, proto\u017ee je hrozn\u011b moc d\u016fle\u017eit\u00e9, kdo nyn\u00ed vyhraje volby na prezidenta \u010cesk\u00e9 republiky v roce 2023!                                                                                                                                                                                                                                                                                                                                                                                        3.7\/5 - (12 votes)        "},{"@context":"https:\/\/schema.org\/","@type":"BreadcrumbList","itemListElement":[{"@type":"ListItem","position":1,"name":"M\u00e9 n\u00e1zory ohledn\u011b voleb na prezidenta","item":"https:\/\/www.soil.cz\/me-nazory-ohledne-voleb-na-prezidenta\/#breadcrumbitem"}]}]