[{"@context":"https:\/\/schema.org\/","@type":"Article","@id":"https:\/\/www.soil.cz\/politika-se-nam-pravem-nelibi\/#Article","mainEntityOfPage":"https:\/\/www.soil.cz\/politika-se-nam-pravem-nelibi\/","headline":"Politika se n\u00e1m pr\u00e1vem nel\u00edb\u00ed","name":"Politika se n\u00e1m pr\u00e1vem nel\u00edb\u00ed","description":"V\u00a0ka\u017ed\u00e9 norm\u00e1ln\u00ed spole\u010dnosti plat\u00ed, \u017ee ji vedou ti nejschopn\u011bj\u0161\u00ed. Ale to neznamen\u00e1, \u017ee by ji m\u011bli v\u00e9st ti, kdo jsou sice schopn\u00ed, ale v\u0161eho. Lidem by m\u011bli vl\u00e1dnout ti, komu...","datePublished":"2021-04-11","dateModified":"2023-05-05","author":{"@type":"Person","@id":"https:\/\/www.soil.cz\/author\/#Person","name":"","url":"https:\/\/www.soil.cz\/author\/","identifier":1,"image":{"@type":"ImageObject","@id":"https:\/\/secure.gravatar.com\/avatar\/cbcb92d2d459f60d1dc08d6e5973c6b0ed1017e8a3b51da0599e03841cfa81e6?s=96&d=mm&r=g","url":"https:\/\/secure.gravatar.com\/avatar\/cbcb92d2d459f60d1dc08d6e5973c6b0ed1017e8a3b51da0599e03841cfa81e6?s=96&d=mm&r=g","height":96,"width":96}},"publisher":{"@type":"Organization","name":"soil.cz","logo":{"@type":"ImageObject","@id":"\/logo.png","url":"\/logo.png","width":600,"height":60}},"image":{"@type":"ImageObject","@id":"https:\/\/soil.cz\/wp-content\/uploads\/politika3_1.png","url":"https:\/\/soil.cz\/wp-content\/uploads\/politika3_1.png","height":"","width":""},"url":"https:\/\/www.soil.cz\/politika-se-nam-pravem-nelibi\/","about":["Neza\u0159azen\u00e9"],"wordCount":448,"articleBody":"V\u00a0ka\u017ed\u00e9 norm\u00e1ln\u00ed spole\u010dnosti plat\u00ed, \u017ee ji vedou ti nejschopn\u011bj\u0161\u00ed. Ale to neznamen\u00e1, \u017ee by ji m\u011bli v\u00e9st ti, kdo jsou sice schopn\u00ed, ale v\u0161eho. Lidem by m\u011bli vl\u00e1dnout ti, komu to mysl\u00ed a kdo to se sv\u00fdm n\u00e1rodem mysl\u00ed dob\u0159e. Ale to se p\u0159inejmen\u0161\u00edm \u010dasto nest\u00e1v\u00e1. Po moci toti\u017e tou\u017e\u00ed spousta lid\u00ed, a to i ti bez skrupul\u00ed, kter\u00fdm jde v\u00fdhradn\u011b o jejich vlastn\u00ed prosp\u011bch. A ti, kdo maj\u00ed ostr\u00e9 lokty, si bohu\u017eel \u010dasto prosad\u00ed svou.Na\u0161e uplynul\u00e9 vl\u00e1dy jsou d\u016fkazem toho, jak \u0161patn\u011b jsme ve volb\u00e1ch volili. Jak jsme vsadili na jednozna\u010dn\u011b \u0161patn\u00e9 kon\u011b. Pr\u00fd jsme si pod t\u011bmito politiky vedli dob\u0159e, pr\u00fd se na\u0161\u00ed zemi da\u0159ilo, jen\u017ee jak se ve skute\u010dnosti v\u011bci m\u011bly? \u017dili jsme docela spokojen\u011b, ale \u010dasto jenom proto, \u017ee jsme \u017eili na dluh. N\u011bkte\u0159\u00ed politici zadlu\u017eovali st\u00e1t, aby m\u011bli na rozd\u00e1v\u00e1n\u00ed a korumpov\u00e1n\u00ed sv\u00fdch voli\u010d\u016f, n\u011bkte\u0159\u00ed kv\u016fli tomu sam\u00e9mu natiskli a dali do ob\u011bhu spoustu pen\u011bz, kter\u00e9 nebyly ni\u010d\u00edm kryt\u00e9. A lidi jim to zba\u0161tili. A volili po\u0159\u00e1d takov\u00e9 populisty. Kte\u0159\u00ed p\u0159ilep\u0161ovali nejen lidem, ale hlavn\u011b sami sob\u011b, kte\u0159\u00ed cht\u011bli moc st\u016fj co st\u016fj.Lidi jim to nakonec sice nezba\u0161tili a s\u00a0ob\u011bma p\u0159edchoz\u00edmi vl\u00e1dami jasn\u011b skoncovali, ale co se stalo? Jakmile si za\u010dala na\u0161e nov\u00e1 vl\u00e1da po\u010d\u00ednat aspo\u0148 trochu rozumn\u011b, jestli se tak d\u00e1 mluvit o tom, \u017ee n\u00e1s nezadlu\u017euje tak rychle jako vl\u00e1da minul\u00e1, u\u017e my lidi nejsme spokojen\u00ed. Chyb\u00ed n\u00e1m to, co n\u00e1m rozd\u00e1vali populisti, chyb\u00ed n\u00e1m ty pen\u00edze od st\u00e1tu, kter\u00fdmi n\u00e1s p\u0159ikrmoval. A vad\u00ed n\u00e1m d\u016fsledky minul\u00e9 rozhazova\u010dnosti, tedy zdra\u017eov\u00e1n\u00ed, kter\u00e9mu pomohla i v\u00e1lka na Ukrajin\u011b a migrace. U\u017e zase spousta z\u00a0n\u00e1s nesn\u00e1\u0161\u00ed svoje politiky a m\u00e1 za to, \u017ee je politika svinstvo, proto\u017ee se pr\u00fd pom\u00e1h\u00e1 cizinc\u016fm a ka\u0161le se na na\u0161ince v\u00a0b\u00edd\u011b.A co vl\u00e1da na to? Nev\u00edm. Ale bude to muset n\u011bjak ust\u00e1t. Jinak ji lidi u\u017e p\u0159\u00ed\u0161t\u011b nezvol\u00ed a vyberou si n\u011bkoho, kdo se bude lidem v\u00edc l\u00edbit. A kdo se nakonec taky projev\u00ed tak, \u017ee se mo\u017en\u00e1 n\u011bkomu zal\u00edb\u00ed, ale n\u011bkomu mo\u017en\u00e1 tak\u00e9 ne. A nespokojenost bude trvat a trvat. Jak u\u017e se stalo v\u00a0na\u0161\u00ed politice pravidlem.                                                                                                                                                                                                                                                                                                                                                                                        4.7\/5 - (7 votes)        "},{"@context":"https:\/\/schema.org\/","@type":"BreadcrumbList","itemListElement":[{"@type":"ListItem","position":1,"name":"Politika se n\u00e1m pr\u00e1vem nel\u00edb\u00ed","item":"https:\/\/www.soil.cz\/politika-se-nam-pravem-nelibi\/#breadcrumbitem"}]}]