[{"@context":"https:\/\/schema.org\/","@type":"Article","@id":"https:\/\/www.soil.cz\/spolecnost-v-praci\/#Article","mainEntityOfPage":"https:\/\/www.soil.cz\/spolecnost-v-praci\/","headline":"Spole\u010dnost v pr\u00e1ci","name":"Spole\u010dnost v pr\u00e1ci","description":"Ka\u017ed\u00fd \u010dlov\u011bk chce b\u00fdt v takov\u00e9 spole\u010dnosti, kter\u00e1 mu nejv\u00edce vyhovuje a kter\u00e1 se mu l\u00edb\u00ed. Proto\u017ee kdyby lid\u00e9 byli ve \u0161patn\u00e9 spole\u010dnosti, tak samoz\u0159ejm\u011b \u017ee by jim to asi...","datePublished":"2024-03-29","dateModified":"2024-03-29","author":{"@type":"Person","@id":"https:\/\/www.soil.cz\/author\/#Person","name":"","url":"https:\/\/www.soil.cz\/author\/","identifier":1,"image":{"@type":"ImageObject","@id":"https:\/\/secure.gravatar.com\/avatar\/cbcb92d2d459f60d1dc08d6e5973c6b0ed1017e8a3b51da0599e03841cfa81e6?s=96&d=mm&r=g","url":"https:\/\/secure.gravatar.com\/avatar\/cbcb92d2d459f60d1dc08d6e5973c6b0ed1017e8a3b51da0599e03841cfa81e6?s=96&d=mm&r=g","height":96,"width":96}},"publisher":{"@type":"Organization","name":"soil.cz","logo":{"@type":"ImageObject","@id":"\/logo.png","url":"\/logo.png","width":600,"height":60}},"image":{"@type":"ImageObject","@id":"https:\/\/www.soil.cz\/wp-content\/uploads\/people-2589091_1280_2.jpg","url":"https:\/\/www.soil.cz\/wp-content\/uploads\/people-2589091_1280_2.jpg","height":0,"width":0},"url":"https:\/\/www.soil.cz\/spolecnost-v-praci\/","about":["Spole\u010dnost"],"wordCount":448,"articleBody":"Ka\u017ed\u00fd \u010dlov\u011bk chce b\u00fdt v takov\u00e9 spole\u010dnosti, kter\u00e1 mu nejv\u00edce vyhovuje a kter\u00e1 se mu l\u00edb\u00ed. Proto\u017ee kdyby lid\u00e9 byli ve \u0161patn\u00e9 spole\u010dnosti, tak samoz\u0159ejm\u011b \u017ee by jim to asi v\u016fbec nevyhovovalo. Lid\u00e9, kte\u0159\u00ed jsou ve \u0161patn\u00e9 spole\u010dnosti lid\u00ed, tak se potom tak\u00e9 nec\u00edt\u00ed v\u016fbec dob\u0159e. A to je podle m\u00e9ho n\u00e1zoru \u0161patn\u011b. Ka\u017ed\u00fd \u010dlov\u011bk by se m\u011bl c\u00edtit opravdu dob\u0159e A je to tak\u00e9 dobr\u00e9 pro jeho psychickou pohodu. Podle m\u00e9ho n\u00e1zoru neud\u011bl\u00e1te chybu, kdy\u017e i vy si vyzkou\u0161\u00edte, kde se c\u00edt\u00edte nejl\u00e9pe. Tak\u00e9 nezapome\u0148te na to, \u017ee kdy\u017e t\u0159eba m\u00e1te zam\u011bstn\u00e1n\u00ed, abyste tam m\u011bli dobr\u00fd kolektiv.Dobrou spole\u010dnost lid\u00ed, proto\u017ee kdy\u017e p\u016fjdete ve \u0161patn\u00e9 spole\u010dnosti lid\u00ed, tak samoz\u0159ejm\u011b \u017ee potom tak\u00e9 m\u016f\u017eete. Je m\u00edt opravdu \u0161patn\u00e9 pracovn\u00ed v\u00fdsledky a komu by se nel\u00edbilo, kdybyste m\u011bli \u0161patn\u00e9 pracovn\u00ed v\u00fdsledky? Samoz\u0159ejm\u011b, \u017ee va\u0161emu zam\u011bstnavateli. V\u00e1\u0161 zam\u011bstnavatel chce v\u017edycky vid\u011bt jenom ty nejlep\u0161\u00ed pracovn\u00ed v\u00fdsledky. J\u00e1 se tomu nediv\u00edm, proto\u017ee i tohle bych j\u00e1 tak\u00e9 po\u017eadovala. Tak, abych po\u017eadovala dobr\u00e9 pracovn\u00ed v\u00fdsledky po m\u00fdch pracovn\u00edc\u00edch a zam\u011bstnanc\u00edch. Proto si mysl\u00edm, \u017ee vyhled\u00e1v\u00e1n\u00ed opravdu dobr\u00e9 spole\u010dnosti je podle m\u00e9ho n\u00e1zoru d\u016fle\u017eit\u00e9. J\u00e1 v\u00edm, \u017ee t\u0159eba, kdy\u017e jste v zam\u011bstn\u00e1n\u00ed a n\u011bkdo v\u00e1m tam nevyhovuje anebo je v\u00e1s tam hodn\u011b a nerozum\u00edte si, tak je to opravdu \u0161patn\u00e9.Co kdybyste byli v zam\u011bstn\u00e1n\u00ed, kde by se v\u00e1m nel\u00edbila spole\u010dnost? Kdy by podle v\u00e1s byl opravdu \u0161patn\u00fd kolektiv? Mysl\u00edm si, \u017ee byste asi m\u011bli pop\u0159em\u00fd\u0161let, \u017ee byste tohle zam\u011bstn\u00e1n\u00ed opustili. Vezm\u011bte si, \u017ee zam\u011bstn\u00e1n\u00ed tr\u00e1v\u00edte opravdu spoustu \u010dasu. A mysl\u00edm si, \u017ee ka\u017ed\u00fd den, kdybyste byli opravdu v n\u011bjak\u00e9m \u0161patn\u00e9m kolektivu lid\u00ed, tak by se v\u00e1m tam asi nel\u00edbilo. A v\u016fbec byste se potom ka\u017ed\u00e9 r\u00e1no do pr\u00e1ce net\u011b\u0161ili? J\u00e1 v\u00edm, \u017ee mnoho lid\u00ed do pr\u00e1ce nechod\u00ed r\u00e1do, \u017ee se t\u0159eba net\u011b\u0161\u00ed do pr\u00e1ce, ale potom, kdy\u017e tam jsou a maj\u00ed tam dobrou spole\u010dnost, tak potom zm\u011bn\u00ed n\u00e1zor. J\u00e1 to m\u00e1m stejn\u00e9, m\u011b to v zam\u011bstn\u00e1n\u00ed dokonce nav\u00edc bav\u00ed a m\u00e1m tam opravdu skv\u011bl\u00fd kolektiv a spole\u010dnost.\u00a0                                                                                                                                                                                                                                                                                                                                                                                        4.4\/5 - (7 votes)        "},{"@context":"https:\/\/schema.org\/","@type":"BreadcrumbList","itemListElement":[{"@type":"ListItem","position":1,"name":"Spole\u010dnost v pr\u00e1ci","item":"https:\/\/www.soil.cz\/spolecnost-v-praci\/#breadcrumbitem"}]}]